{"id":885,"date":"2021-01-01T08:00:42","date_gmt":"2021-01-01T07:00:42","guid":{"rendered":"http:\/\/www.dominic-c.fr\/?p=885"},"modified":"2021-02-07T06:32:31","modified_gmt":"2021-02-07T05:32:31","slug":"early-days","status":"publish","type":"post","link":"https:\/\/www.dominic-c.fr\/index.php\/2021\/01\/01\/early-days\/","title":{"rendered":"1990-93: Early Days | D\u00e9buts"},"content":{"rendered":"<p><img loading=\"lazy\" class=\"size-large wp-image-887 aligncenter\" src=\"http:\/\/www.dominic-c.fr\/wp-content\/uploads\/2021\/01\/01-Dominic-C-Photography-Articles-de-Presse-Exposition-MJC-Croix-1988-1024x588.jpg\" alt=\"\" width=\"900\" height=\"517\" srcset=\"https:\/\/www.dominic-c.fr\/wp-content\/uploads\/2021\/01\/01-Dominic-C-Photography-Articles-de-Presse-Exposition-MJC-Croix-1988-1024x588.jpg 1024w, https:\/\/www.dominic-c.fr\/wp-content\/uploads\/2021\/01\/01-Dominic-C-Photography-Articles-de-Presse-Exposition-MJC-Croix-1988-300x172.jpg 300w, https:\/\/www.dominic-c.fr\/wp-content\/uploads\/2021\/01\/01-Dominic-C-Photography-Articles-de-Presse-Exposition-MJC-Croix-1988-768x441.jpg 768w, https:\/\/www.dominic-c.fr\/wp-content\/uploads\/2021\/01\/01-Dominic-C-Photography-Articles-de-Presse-Exposition-MJC-Croix-1988-1536x882.jpg 1536w, https:\/\/www.dominic-c.fr\/wp-content\/uploads\/2021\/01\/01-Dominic-C-Photography-Articles-de-Presse-Exposition-MJC-Croix-1988.jpg 1750w\" sizes=\"(max-width: 900px) 100vw, 900px\" \/><\/p>\n<h6 style=\"text-align: center;\"><span style=\"color: #808080;\">My very first exhibition | <em>Ma toute premi\u00e8re exposition<\/em><\/span><\/h6>\n<p><img loading=\"lazy\" class=\"size-large wp-image-888 aligncenter\" src=\"http:\/\/www.dominic-c.fr\/wp-content\/uploads\/2021\/01\/02-Dominic-C-Photography-Prix-Francis-Delvert-23-juin-1991-1024x740.jpg\" alt=\"\" width=\"900\" height=\"650\" srcset=\"https:\/\/www.dominic-c.fr\/wp-content\/uploads\/2021\/01\/02-Dominic-C-Photography-Prix-Francis-Delvert-23-juin-1991-1024x740.jpg 1024w, https:\/\/www.dominic-c.fr\/wp-content\/uploads\/2021\/01\/02-Dominic-C-Photography-Prix-Francis-Delvert-23-juin-1991-300x217.jpg 300w, https:\/\/www.dominic-c.fr\/wp-content\/uploads\/2021\/01\/02-Dominic-C-Photography-Prix-Francis-Delvert-23-juin-1991-768x555.jpg 768w, https:\/\/www.dominic-c.fr\/wp-content\/uploads\/2021\/01\/02-Dominic-C-Photography-Prix-Francis-Delvert-23-juin-1991-1536x1109.jpg 1536w, https:\/\/www.dominic-c.fr\/wp-content\/uploads\/2021\/01\/02-Dominic-C-Photography-Prix-Francis-Delvert-23-juin-1991.jpg 1750w\" sizes=\"(max-width: 900px) 100vw, 900px\" \/><\/p>\n<h6 style=\"text-align: center;\"><span style=\"color: #808080;\">My very first photo award | <em>Mon tout premier prix photographique<\/em><\/span><\/h6>\n<p><img loading=\"lazy\" class=\"aligncenter size-large wp-image-891\" src=\"http:\/\/www.dominic-c.fr\/wp-content\/uploads\/2021\/01\/03-Dominic-C-Photography-Evaluation-Benelux-Presse-juin-1991-724x1024.jpg\" alt=\"\" width=\"724\" height=\"1024\" srcset=\"https:\/\/www.dominic-c.fr\/wp-content\/uploads\/2021\/01\/03-Dominic-C-Photography-Evaluation-Benelux-Presse-juin-1991-724x1024.jpg 724w, https:\/\/www.dominic-c.fr\/wp-content\/uploads\/2021\/01\/03-Dominic-C-Photography-Evaluation-Benelux-Presse-juin-1991-212x300.jpg 212w, https:\/\/www.dominic-c.fr\/wp-content\/uploads\/2021\/01\/03-Dominic-C-Photography-Evaluation-Benelux-Presse-juin-1991-768x1086.jpg 768w, https:\/\/www.dominic-c.fr\/wp-content\/uploads\/2021\/01\/03-Dominic-C-Photography-Evaluation-Benelux-Presse-juin-1991-1086x1536.jpg 1086w, https:\/\/www.dominic-c.fr\/wp-content\/uploads\/2021\/01\/03-Dominic-C-Photography-Evaluation-Benelux-Presse-juin-1991.jpg 1237w\" sizes=\"(max-width: 724px) 100vw, 724px\" \/><\/p>\n<h6 style=\"text-align: center;\"><span style=\"color: #808080;\">Early assessment by Benelux Press Agency&#8217;s\u00a0 Country Manager | <em>Toute premi\u00e8re \u00e9valuation de mon travail par la directrice r\u00e9gionale de l&#8217;agence Benelux Press<\/em><\/span><\/h6>\n<p><img loading=\"lazy\" class=\"aligncenter size-large wp-image-892\" src=\"http:\/\/www.dominic-c.fr\/wp-content\/uploads\/2021\/01\/04-Dominic-C-Photography-Diplo\u0302me-de-Photographie-27-juin-1991-1024x724.jpg\" alt=\"\" width=\"900\" height=\"636\" srcset=\"https:\/\/www.dominic-c.fr\/wp-content\/uploads\/2021\/01\/04-Dominic-C-Photography-Diplo\u0302me-de-Photographie-27-juin-1991-1024x724.jpg 1024w, https:\/\/www.dominic-c.fr\/wp-content\/uploads\/2021\/01\/04-Dominic-C-Photography-Diplo\u0302me-de-Photographie-27-juin-1991-300x212.jpg 300w, https:\/\/www.dominic-c.fr\/wp-content\/uploads\/2021\/01\/04-Dominic-C-Photography-Diplo\u0302me-de-Photographie-27-juin-1991-768x543.jpg 768w, https:\/\/www.dominic-c.fr\/wp-content\/uploads\/2021\/01\/04-Dominic-C-Photography-Diplo\u0302me-de-Photographie-27-juin-1991-1536x1087.jpg 1536w, https:\/\/www.dominic-c.fr\/wp-content\/uploads\/2021\/01\/04-Dominic-C-Photography-Diplo\u0302me-de-Photographie-27-juin-1991.jpg 1750w\" sizes=\"(max-width: 900px) 100vw, 900px\" \/><\/p>\n<h6 style=\"text-align: center;\"><span style=\"color: #808080;\">My Associate Degree in Photography | <em>Mon &#8220;Graduat&#8221; en techniques photographiques<\/em><\/span><\/h6>\n<p><img loading=\"lazy\" class=\"aligncenter size-large wp-image-893\" src=\"http:\/\/www.dominic-c.fr\/wp-content\/uploads\/2021\/01\/05-Dominic-C-Photography-Articles-de-Presse-La-Voix-du-Nord-Exposition-Espace-Nazareth-Lille-17-mai-1992-531x1024.jpg\" alt=\"\" width=\"531\" height=\"1024\" srcset=\"https:\/\/www.dominic-c.fr\/wp-content\/uploads\/2021\/01\/05-Dominic-C-Photography-Articles-de-Presse-La-Voix-du-Nord-Exposition-Espace-Nazareth-Lille-17-mai-1992-531x1024.jpg 531w, https:\/\/www.dominic-c.fr\/wp-content\/uploads\/2021\/01\/05-Dominic-C-Photography-Articles-de-Presse-La-Voix-du-Nord-Exposition-Espace-Nazareth-Lille-17-mai-1992-155x300.jpg 155w, https:\/\/www.dominic-c.fr\/wp-content\/uploads\/2021\/01\/05-Dominic-C-Photography-Articles-de-Presse-La-Voix-du-Nord-Exposition-Espace-Nazareth-Lille-17-mai-1992-768x1482.jpg 768w, https:\/\/www.dominic-c.fr\/wp-content\/uploads\/2021\/01\/05-Dominic-C-Photography-Articles-de-Presse-La-Voix-du-Nord-Exposition-Espace-Nazareth-Lille-17-mai-1992-796x1536.jpg 796w, https:\/\/www.dominic-c.fr\/wp-content\/uploads\/2021\/01\/05-Dominic-C-Photography-Articles-de-Presse-La-Voix-du-Nord-Exposition-Espace-Nazareth-Lille-17-mai-1992.jpg 907w\" sizes=\"(max-width: 531px) 100vw, 531px\" \/><\/p>\n<h6 style=\"text-align: center;\"><span style=\"color: #808080;\">My very first solo exhibition | <em>Ma toute premi\u00e8re exposition personnelle<\/em><\/span><\/h6>\n<p><img loading=\"lazy\" class=\"aligncenter size-large wp-image-894\" src=\"http:\/\/www.dominic-c.fr\/wp-content\/uploads\/2021\/01\/06-Dominic-C-Photography-Articles-de-Presse-La-Voix-du-Nord-Au-Pays-des-Papous-1992-1024x812.jpg\" alt=\"\" width=\"900\" height=\"714\" srcset=\"https:\/\/www.dominic-c.fr\/wp-content\/uploads\/2021\/01\/06-Dominic-C-Photography-Articles-de-Presse-La-Voix-du-Nord-Au-Pays-des-Papous-1992-1024x812.jpg 1024w, https:\/\/www.dominic-c.fr\/wp-content\/uploads\/2021\/01\/06-Dominic-C-Photography-Articles-de-Presse-La-Voix-du-Nord-Au-Pays-des-Papous-1992-300x238.jpg 300w, https:\/\/www.dominic-c.fr\/wp-content\/uploads\/2021\/01\/06-Dominic-C-Photography-Articles-de-Presse-La-Voix-du-Nord-Au-Pays-des-Papous-1992-768x609.jpg 768w, https:\/\/www.dominic-c.fr\/wp-content\/uploads\/2021\/01\/06-Dominic-C-Photography-Articles-de-Presse-La-Voix-du-Nord-Au-Pays-des-Papous-1992-1536x1218.jpg 1536w, https:\/\/www.dominic-c.fr\/wp-content\/uploads\/2021\/01\/06-Dominic-C-Photography-Articles-de-Presse-La-Voix-du-Nord-Au-Pays-des-Papous-1992.jpg 1750w\" sizes=\"(max-width: 900px) 100vw, 900px\" \/><\/p>\n<h6 style=\"text-align: center;\"><span style=\"color: #808080;\">La Voix du Nord&#8217;s report on my first trip to Indonesian New-Guinea | <em>Article de la Voix du Nord \u00e0 propos de mon premier voyage en Nouvelle-Guin\u00e9e indon\u00e9sienne<\/em><\/span><\/h6>\n<p><img loading=\"lazy\" class=\"aligncenter size-large wp-image-895\" src=\"http:\/\/www.dominic-c.fr\/wp-content\/uploads\/2021\/01\/07-Dominic-C-Photography-Articles-de-Presse-Nord-Eclair-Un-Wasquehalien-chez-les-Papous-25-novembre-1992-1024x697.jpg\" alt=\"\" width=\"900\" height=\"613\" srcset=\"https:\/\/www.dominic-c.fr\/wp-content\/uploads\/2021\/01\/07-Dominic-C-Photography-Articles-de-Presse-Nord-Eclair-Un-Wasquehalien-chez-les-Papous-25-novembre-1992-1024x697.jpg 1024w, https:\/\/www.dominic-c.fr\/wp-content\/uploads\/2021\/01\/07-Dominic-C-Photography-Articles-de-Presse-Nord-Eclair-Un-Wasquehalien-chez-les-Papous-25-novembre-1992-300x204.jpg 300w, https:\/\/www.dominic-c.fr\/wp-content\/uploads\/2021\/01\/07-Dominic-C-Photography-Articles-de-Presse-Nord-Eclair-Un-Wasquehalien-chez-les-Papous-25-novembre-1992-768x523.jpg 768w, https:\/\/www.dominic-c.fr\/wp-content\/uploads\/2021\/01\/07-Dominic-C-Photography-Articles-de-Presse-Nord-Eclair-Un-Wasquehalien-chez-les-Papous-25-novembre-1992-1536x1046.jpg 1536w, https:\/\/www.dominic-c.fr\/wp-content\/uploads\/2021\/01\/07-Dominic-C-Photography-Articles-de-Presse-Nord-Eclair-Un-Wasquehalien-chez-les-Papous-25-novembre-1992.jpg 1750w\" sizes=\"(max-width: 900px) 100vw, 900px\" \/><\/p>\n<h6 style=\"text-align: center;\"><span style=\"color: #808080;\">Nord Eclair&#8217;s report on my first trip to Indonesian New-Guinea | <em>Article de Nord Eclairb\u00e0 propos de mon premier voyage en Nouvelle-Guin\u00e9e indon\u00e9sienne<\/em><\/span><\/h6>\n<p><img loading=\"lazy\" class=\"aligncenter size-large wp-image-896\" src=\"http:\/\/www.dominic-c.fr\/wp-content\/uploads\/2021\/01\/08-Dominic-C-Photography-Publications-Larousse-Indone\u0301sie-1993-Pages-48-49-1024x625.jpg\" alt=\"\" width=\"900\" height=\"549\" srcset=\"https:\/\/www.dominic-c.fr\/wp-content\/uploads\/2021\/01\/08-Dominic-C-Photography-Publications-Larousse-Indone\u0301sie-1993-Pages-48-49-1024x625.jpg 1024w, https:\/\/www.dominic-c.fr\/wp-content\/uploads\/2021\/01\/08-Dominic-C-Photography-Publications-Larousse-Indone\u0301sie-1993-Pages-48-49-300x183.jpg 300w, https:\/\/www.dominic-c.fr\/wp-content\/uploads\/2021\/01\/08-Dominic-C-Photography-Publications-Larousse-Indone\u0301sie-1993-Pages-48-49-768x469.jpg 768w, https:\/\/www.dominic-c.fr\/wp-content\/uploads\/2021\/01\/08-Dominic-C-Photography-Publications-Larousse-Indone\u0301sie-1993-Pages-48-49-1536x937.jpg 1536w, https:\/\/www.dominic-c.fr\/wp-content\/uploads\/2021\/01\/08-Dominic-C-Photography-Publications-Larousse-Indone\u0301sie-1993-Pages-48-49.jpg 1750w\" sizes=\"(max-width: 900px) 100vw, 900px\" \/><\/p>\n<p><img loading=\"lazy\" class=\"aligncenter size-large wp-image-897\" src=\"http:\/\/www.dominic-c.fr\/wp-content\/uploads\/2021\/01\/09-Dominic-C-Photography-Publications-Larousse-Indone\u0301sie-1993-Page-51-825x1024.jpg\" alt=\"\" width=\"825\" height=\"1024\" srcset=\"https:\/\/www.dominic-c.fr\/wp-content\/uploads\/2021\/01\/09-Dominic-C-Photography-Publications-Larousse-Indone\u0301sie-1993-Page-51-825x1024.jpg 825w, https:\/\/www.dominic-c.fr\/wp-content\/uploads\/2021\/01\/09-Dominic-C-Photography-Publications-Larousse-Indone\u0301sie-1993-Page-51-242x300.jpg 242w, https:\/\/www.dominic-c.fr\/wp-content\/uploads\/2021\/01\/09-Dominic-C-Photography-Publications-Larousse-Indone\u0301sie-1993-Page-51-768x953.jpg 768w, https:\/\/www.dominic-c.fr\/wp-content\/uploads\/2021\/01\/09-Dominic-C-Photography-Publications-Larousse-Indone\u0301sie-1993-Page-51-1238x1536.jpg 1238w, https:\/\/www.dominic-c.fr\/wp-content\/uploads\/2021\/01\/09-Dominic-C-Photography-Publications-Larousse-Indone\u0301sie-1993-Page-51.jpg 1410w\" sizes=\"(max-width: 825px) 100vw, 825px\" \/><\/p>\n<h6 style=\"text-align: center;\"><span style=\"color: #808080;\">One of my very first publication in a book by Larousse | <em>Une de mes premi\u00e8res publications dans un livre paru chez Larousse<\/em><\/span><\/h6>\n<p>&nbsp;<\/p>\n<p><img loading=\"lazy\" class=\"aligncenter size-large wp-image-899\" src=\"http:\/\/www.dominic-c.fr\/wp-content\/uploads\/2021\/01\/10-Dominic-C-Photography-Publications-Les-Enfants-du-Monde-1993-01-1024x724.jpg\" alt=\"\" width=\"900\" height=\"636\" srcset=\"https:\/\/www.dominic-c.fr\/wp-content\/uploads\/2021\/01\/10-Dominic-C-Photography-Publications-Les-Enfants-du-Monde-1993-01-1024x724.jpg 1024w, https:\/\/www.dominic-c.fr\/wp-content\/uploads\/2021\/01\/10-Dominic-C-Photography-Publications-Les-Enfants-du-Monde-1993-01-300x212.jpg 300w, https:\/\/www.dominic-c.fr\/wp-content\/uploads\/2021\/01\/10-Dominic-C-Photography-Publications-Les-Enfants-du-Monde-1993-01-768x543.jpg 768w, https:\/\/www.dominic-c.fr\/wp-content\/uploads\/2021\/01\/10-Dominic-C-Photography-Publications-Les-Enfants-du-Monde-1993-01-1536x1086.jpg 1536w, https:\/\/www.dominic-c.fr\/wp-content\/uploads\/2021\/01\/10-Dominic-C-Photography-Publications-Les-Enfants-du-Monde-1993-01.jpg 1750w\" sizes=\"(max-width: 900px) 100vw, 900px\" \/><\/p>\n<p><img loading=\"lazy\" class=\"aligncenter size-large wp-image-900\" src=\"http:\/\/www.dominic-c.fr\/wp-content\/uploads\/2021\/01\/11-Dominic-C-Photography-Publications-Les-Enfants-du-Monde-1993-02-1024x724.jpg\" alt=\"\" width=\"900\" height=\"636\" srcset=\"https:\/\/www.dominic-c.fr\/wp-content\/uploads\/2021\/01\/11-Dominic-C-Photography-Publications-Les-Enfants-du-Monde-1993-02-1024x724.jpg 1024w, https:\/\/www.dominic-c.fr\/wp-content\/uploads\/2021\/01\/11-Dominic-C-Photography-Publications-Les-Enfants-du-Monde-1993-02-300x212.jpg 300w, https:\/\/www.dominic-c.fr\/wp-content\/uploads\/2021\/01\/11-Dominic-C-Photography-Publications-Les-Enfants-du-Monde-1993-02-768x543.jpg 768w, https:\/\/www.dominic-c.fr\/wp-content\/uploads\/2021\/01\/11-Dominic-C-Photography-Publications-Les-Enfants-du-Monde-1993-02-1536x1086.jpg 1536w, https:\/\/www.dominic-c.fr\/wp-content\/uploads\/2021\/01\/11-Dominic-C-Photography-Publications-Les-Enfants-du-Monde-1993-02.jpg 1750w\" sizes=\"(max-width: 900px) 100vw, 900px\" \/><\/p>\n<p><img loading=\"lazy\" class=\"aligncenter size-large wp-image-901\" src=\"http:\/\/www.dominic-c.fr\/wp-content\/uploads\/2021\/01\/12-Dominic-C-Photography-Publications-Les-Enfants-du-Monde-1993-03-1024x724.jpg\" alt=\"\" width=\"900\" height=\"636\" srcset=\"https:\/\/www.dominic-c.fr\/wp-content\/uploads\/2021\/01\/12-Dominic-C-Photography-Publications-Les-Enfants-du-Monde-1993-03-1024x724.jpg 1024w, https:\/\/www.dominic-c.fr\/wp-content\/uploads\/2021\/01\/12-Dominic-C-Photography-Publications-Les-Enfants-du-Monde-1993-03-300x212.jpg 300w, https:\/\/www.dominic-c.fr\/wp-content\/uploads\/2021\/01\/12-Dominic-C-Photography-Publications-Les-Enfants-du-Monde-1993-03-768x543.jpg 768w, https:\/\/www.dominic-c.fr\/wp-content\/uploads\/2021\/01\/12-Dominic-C-Photography-Publications-Les-Enfants-du-Monde-1993-03-1536x1086.jpg 1536w, https:\/\/www.dominic-c.fr\/wp-content\/uploads\/2021\/01\/12-Dominic-C-Photography-Publications-Les-Enfants-du-Monde-1993-03.jpg 1750w\" sizes=\"(max-width: 900px) 100vw, 900px\" \/><\/p>\n<p><img loading=\"lazy\" class=\"aligncenter size-large wp-image-902\" src=\"http:\/\/www.dominic-c.fr\/wp-content\/uploads\/2021\/01\/13-Dominic-C-Photography-Publications-Les-Enfants-du-Monde-1993-04-1024x724.jpg\" alt=\"\" width=\"900\" height=\"636\" srcset=\"https:\/\/www.dominic-c.fr\/wp-content\/uploads\/2021\/01\/13-Dominic-C-Photography-Publications-Les-Enfants-du-Monde-1993-04-1024x724.jpg 1024w, https:\/\/www.dominic-c.fr\/wp-content\/uploads\/2021\/01\/13-Dominic-C-Photography-Publications-Les-Enfants-du-Monde-1993-04-300x212.jpg 300w, https:\/\/www.dominic-c.fr\/wp-content\/uploads\/2021\/01\/13-Dominic-C-Photography-Publications-Les-Enfants-du-Monde-1993-04-768x543.jpg 768w, https:\/\/www.dominic-c.fr\/wp-content\/uploads\/2021\/01\/13-Dominic-C-Photography-Publications-Les-Enfants-du-Monde-1993-04-1536x1086.jpg 1536w, https:\/\/www.dominic-c.fr\/wp-content\/uploads\/2021\/01\/13-Dominic-C-Photography-Publications-Les-Enfants-du-Monde-1993-04.jpg 1750w\" sizes=\"(max-width: 900px) 100vw, 900px\" \/><\/p>\n<h6 style=\"text-align: center;\"><span style=\"color: #808080;\">My very first published article in UNICEF&#8217;s magazine | <em>Mon tout premier article publi\u00e9 dans le magazine de l&#8217;UNICEF<\/em><\/span><\/h6>\n<p>&nbsp;<\/p>\n<p><img loading=\"lazy\" class=\"aligncenter size-large wp-image-903\" src=\"http:\/\/www.dominic-c.fr\/wp-content\/uploads\/2021\/01\/14-Dominic-C-Photography-Publications-Magazine-Core\u0301en-1993-1024x724.jpg\" alt=\"\" width=\"900\" height=\"636\" srcset=\"https:\/\/www.dominic-c.fr\/wp-content\/uploads\/2021\/01\/14-Dominic-C-Photography-Publications-Magazine-Core\u0301en-1993-1024x724.jpg 1024w, https:\/\/www.dominic-c.fr\/wp-content\/uploads\/2021\/01\/14-Dominic-C-Photography-Publications-Magazine-Core\u0301en-1993-300x212.jpg 300w, https:\/\/www.dominic-c.fr\/wp-content\/uploads\/2021\/01\/14-Dominic-C-Photography-Publications-Magazine-Core\u0301en-1993-768x543.jpg 768w, https:\/\/www.dominic-c.fr\/wp-content\/uploads\/2021\/01\/14-Dominic-C-Photography-Publications-Magazine-Core\u0301en-1993-1536x1086.jpg 1536w, https:\/\/www.dominic-c.fr\/wp-content\/uploads\/2021\/01\/14-Dominic-C-Photography-Publications-Magazine-Core\u0301en-1993.jpg 1750w\" sizes=\"(max-width: 900px) 100vw, 900px\" \/><\/p>\n<p><img loading=\"lazy\" class=\"aligncenter size-large wp-image-904\" src=\"http:\/\/www.dominic-c.fr\/wp-content\/uploads\/2021\/01\/15-Dominic-C-Photography-Publications-Magazine-Hongrois-1993-01-724x1024.jpg\" alt=\"\" width=\"724\" height=\"1024\" srcset=\"https:\/\/www.dominic-c.fr\/wp-content\/uploads\/2021\/01\/15-Dominic-C-Photography-Publications-Magazine-Hongrois-1993-01-724x1024.jpg 724w, https:\/\/www.dominic-c.fr\/wp-content\/uploads\/2021\/01\/15-Dominic-C-Photography-Publications-Magazine-Hongrois-1993-01-212x300.jpg 212w, https:\/\/www.dominic-c.fr\/wp-content\/uploads\/2021\/01\/15-Dominic-C-Photography-Publications-Magazine-Hongrois-1993-01-768x1086.jpg 768w, https:\/\/www.dominic-c.fr\/wp-content\/uploads\/2021\/01\/15-Dominic-C-Photography-Publications-Magazine-Hongrois-1993-01-1087x1536.jpg 1087w, https:\/\/www.dominic-c.fr\/wp-content\/uploads\/2021\/01\/15-Dominic-C-Photography-Publications-Magazine-Hongrois-1993-01.jpg 1238w\" sizes=\"(max-width: 724px) 100vw, 724px\" \/><\/p>\n<p><img loading=\"lazy\" class=\"aligncenter wp-image-907 size-large\" src=\"http:\/\/www.dominic-c.fr\/wp-content\/uploads\/2021\/01\/16-Dominic-C-Photography-Publications-Magazine-Hongrois-1993-02-1-1024x724.jpg\" alt=\"\" width=\"900\" height=\"636\" srcset=\"https:\/\/www.dominic-c.fr\/wp-content\/uploads\/2021\/01\/16-Dominic-C-Photography-Publications-Magazine-Hongrois-1993-02-1-1024x724.jpg 1024w, https:\/\/www.dominic-c.fr\/wp-content\/uploads\/2021\/01\/16-Dominic-C-Photography-Publications-Magazine-Hongrois-1993-02-1-300x212.jpg 300w, https:\/\/www.dominic-c.fr\/wp-content\/uploads\/2021\/01\/16-Dominic-C-Photography-Publications-Magazine-Hongrois-1993-02-1-768x543.jpg 768w, https:\/\/www.dominic-c.fr\/wp-content\/uploads\/2021\/01\/16-Dominic-C-Photography-Publications-Magazine-Hongrois-1993-02-1-1536x1086.jpg 1536w, https:\/\/www.dominic-c.fr\/wp-content\/uploads\/2021\/01\/16-Dominic-C-Photography-Publications-Magazine-Hongrois-1993-02-1.jpg 1750w\" sizes=\"(max-width: 900px) 100vw, 900px\" \/><\/p>\n<p><img loading=\"lazy\" class=\"aligncenter size-large wp-image-908\" src=\"http:\/\/www.dominic-c.fr\/wp-content\/uploads\/2021\/01\/18-Dominic-C-Photography-Publications-Psychologies-Juillet-Aou\u0302t-1994-724x1024.jpg\" alt=\"\" width=\"724\" height=\"1024\" srcset=\"https:\/\/www.dominic-c.fr\/wp-content\/uploads\/2021\/01\/18-Dominic-C-Photography-Publications-Psychologies-Juillet-Aou\u0302t-1994-724x1024.jpg 724w, https:\/\/www.dominic-c.fr\/wp-content\/uploads\/2021\/01\/18-Dominic-C-Photography-Publications-Psychologies-Juillet-Aou\u0302t-1994-212x300.jpg 212w, https:\/\/www.dominic-c.fr\/wp-content\/uploads\/2021\/01\/18-Dominic-C-Photography-Publications-Psychologies-Juillet-Aou\u0302t-1994-768x1086.jpg 768w, https:\/\/www.dominic-c.fr\/wp-content\/uploads\/2021\/01\/18-Dominic-C-Photography-Publications-Psychologies-Juillet-Aou\u0302t-1994-1087x1536.jpg 1087w, https:\/\/www.dominic-c.fr\/wp-content\/uploads\/2021\/01\/18-Dominic-C-Photography-Publications-Psychologies-Juillet-Aou\u0302t-1994.jpg 1238w\" sizes=\"(max-width: 724px) 100vw, 724px\" \/><\/p>\n<h6 style=\"text-align: center;\"><span style=\"color: #808080;\">A few international publications | <em>Quelques publications internationales<\/em><\/span><\/h6>\n","protected":false},"excerpt":{"rendered":"<p>My very first exhibition | Ma toute premi\u00e8re exposition My very first photo award | Mon tout premier prix photographique Early assessment by Benelux Press Agency&#8217;s\u00a0 Country Manager | Toute premi\u00e8re \u00e9valuation de mon travail par la directrice r\u00e9gionale de l&#8217;agence Benelux Press My Associate Degree in Photography | Mon &#8220;Graduat&#8221; en techniques photographiques My [&hellip;]<\/p>\n","protected":false},"author":1,"featured_media":884,"comment_status":"closed","ping_status":"closed","sticky":false,"template":"","format":"standard","meta":[],"categories":[37],"tags":[],"yoast_head":"<!-- This site is optimized with the Yoast SEO plugin v16.0.2 - https:\/\/yoast.com\/wordpress\/plugins\/seo\/ -->\n<title>1990-93: Early Days | D\u00e9buts -<\/title>\n<link rel=\"canonical\" href=\"https:\/\/www.dominic-c.fr\/index.php\/2021\/01\/01\/early-days\/\" \/>\n<meta property=\"og:locale\" content=\"en_US\" \/>\n<meta property=\"og:type\" content=\"article\" \/>\n<meta property=\"og:title\" content=\"1990-93: Early Days | D\u00e9buts -\" \/>\n<meta property=\"og:description\" content=\"My very first exhibition | Ma toute premi\u00e8re exposition My very first photo award | Mon tout premier prix photographique Early assessment by Benelux Press Agency&#8217;s\u00a0 Country Manager | Toute premi\u00e8re \u00e9valuation de mon travail par la directrice r\u00e9gionale de l&#8217;agence Benelux Press My Associate Degree in Photography | Mon &#8220;Graduat&#8221; en techniques photographiques My [&hellip;]\" \/>\n<meta property=\"og:url\" content=\"https:\/\/www.dominic-c.fr\/index.php\/2021\/01\/01\/early-days\/\" \/>\n<meta property=\"article:published_time\" content=\"2021-01-01T07:00:42+00:00\" \/>\n<meta property=\"article:modified_time\" content=\"2021-02-07T05:32:31+00:00\" \/>\n<meta property=\"og:image\" content=\"https:\/\/www.dominic-c.fr\/wp-content\/uploads\/2021\/01\/10b-Dominic-C-Photography-Publications-Les-Enfants-du-Monde-1993-01.jpg\" \/>\n\t<meta property=\"og:image:width\" content=\"600\" \/>\n\t<meta property=\"og:image:height\" content=\"850\" \/>\n<meta name=\"twitter:card\" content=\"summary_large_image\" \/>\n<meta name=\"twitter:label1\" content=\"Est. reading time\">\n\t<meta name=\"twitter:data1\" content=\"1 minute\">\n<script type=\"application\/ld+json\" class=\"yoast-schema-graph\">{\"@context\":\"https:\/\/schema.org\",\"@graph\":[{\"@type\":\"WebSite\",\"@id\":\"https:\/\/www.dominic-c.fr\/#website\",\"url\":\"https:\/\/www.dominic-c.fr\/\",\"name\":\"\",\"description\":\"Fine Art Photography\",\"potentialAction\":[{\"@type\":\"SearchAction\",\"target\":\"https:\/\/www.dominic-c.fr\/?s={search_term_string}\",\"query-input\":\"required name=search_term_string\"}],\"inLanguage\":\"en-US\"},{\"@type\":\"ImageObject\",\"@id\":\"https:\/\/www.dominic-c.fr\/index.php\/2021\/01\/01\/early-days\/#primaryimage\",\"inLanguage\":\"en-US\",\"url\":\"https:\/\/www.dominic-c.fr\/wp-content\/uploads\/2021\/01\/10b-Dominic-C-Photography-Publications-Les-Enfants-du-Monde-1993-01.jpg\",\"width\":600,\"height\":850},{\"@type\":\"WebPage\",\"@id\":\"https:\/\/www.dominic-c.fr\/index.php\/2021\/01\/01\/early-days\/#webpage\",\"url\":\"https:\/\/www.dominic-c.fr\/index.php\/2021\/01\/01\/early-days\/\",\"name\":\"1990-93: Early Days | D\\u00e9buts -\",\"isPartOf\":{\"@id\":\"https:\/\/www.dominic-c.fr\/#website\"},\"primaryImageOfPage\":{\"@id\":\"https:\/\/www.dominic-c.fr\/index.php\/2021\/01\/01\/early-days\/#primaryimage\"},\"datePublished\":\"2021-01-01T07:00:42+00:00\",\"dateModified\":\"2021-02-07T05:32:31+00:00\",\"author\":{\"@id\":\"https:\/\/www.dominic-c.fr\/#\/schema\/person\/0a3f061aa3719d7ca37d2ae3b86ae521\"},\"breadcrumb\":{\"@id\":\"https:\/\/www.dominic-c.fr\/index.php\/2021\/01\/01\/early-days\/#breadcrumb\"},\"inLanguage\":\"en-US\",\"potentialAction\":[{\"@type\":\"ReadAction\",\"target\":[\"https:\/\/www.dominic-c.fr\/index.php\/2021\/01\/01\/early-days\/\"]}]},{\"@type\":\"BreadcrumbList\",\"@id\":\"https:\/\/www.dominic-c.fr\/index.php\/2021\/01\/01\/early-days\/#breadcrumb\",\"itemListElement\":[{\"@type\":\"ListItem\",\"position\":1,\"item\":{\"@type\":\"WebPage\",\"@id\":\"https:\/\/www.dominic-c.fr\/\",\"url\":\"https:\/\/www.dominic-c.fr\/\",\"name\":\"Home\"}},{\"@type\":\"ListItem\",\"position\":2,\"item\":{\"@type\":\"WebPage\",\"@id\":\"https:\/\/www.dominic-c.fr\/index.php\/2021\/01\/01\/early-days\/\",\"url\":\"https:\/\/www.dominic-c.fr\/index.php\/2021\/01\/01\/early-days\/\",\"name\":\"1990-93: Early Days | D\\u00e9buts\"}}]},{\"@type\":\"Person\",\"@id\":\"https:\/\/www.dominic-c.fr\/#\/schema\/person\/0a3f061aa3719d7ca37d2ae3b86ae521\",\"name\":\"admin9432\"}]}<\/script>\n<!-- \/ Yoast SEO plugin. -->","_links":{"self":[{"href":"https:\/\/www.dominic-c.fr\/index.php\/wp-json\/wp\/v2\/posts\/885"}],"collection":[{"href":"https:\/\/www.dominic-c.fr\/index.php\/wp-json\/wp\/v2\/posts"}],"about":[{"href":"https:\/\/www.dominic-c.fr\/index.php\/wp-json\/wp\/v2\/types\/post"}],"author":[{"embeddable":true,"href":"https:\/\/www.dominic-c.fr\/index.php\/wp-json\/wp\/v2\/users\/1"}],"replies":[{"embeddable":true,"href":"https:\/\/www.dominic-c.fr\/index.php\/wp-json\/wp\/v2\/comments?post=885"}],"version-history":[{"count":16,"href":"https:\/\/www.dominic-c.fr\/index.php\/wp-json\/wp\/v2\/posts\/885\/revisions"}],"predecessor-version":[{"id":984,"href":"https:\/\/www.dominic-c.fr\/index.php\/wp-json\/wp\/v2\/posts\/885\/revisions\/984"}],"wp:featuredmedia":[{"embeddable":true,"href":"https:\/\/www.dominic-c.fr\/index.php\/wp-json\/wp\/v2\/media\/884"}],"wp:attachment":[{"href":"https:\/\/www.dominic-c.fr\/index.php\/wp-json\/wp\/v2\/media?parent=885"}],"wp:term":[{"taxonomy":"category","embeddable":true,"href":"https:\/\/www.dominic-c.fr\/index.php\/wp-json\/wp\/v2\/categories?post=885"},{"taxonomy":"post_tag","embeddable":true,"href":"https:\/\/www.dominic-c.fr\/index.php\/wp-json\/wp\/v2\/tags?post=885"}],"curies":[{"name":"wp","href":"https:\/\/api.w.org\/{rel}","templated":true}]}}